{"id":3954,"date":"2026-02-25T11:03:35","date_gmt":"2026-02-25T10:03:35","guid":{"rendered":"https:\/\/www.asso-1901.fr\/s3a\/?p=3954"},"modified":"2026-02-25T11:12:14","modified_gmt":"2026-02-25T10:12:14","slug":"appel-a-projet-apprendre-autrement-2026","status":"publish","type":"post","link":"https:\/\/www.asso-1901.fr\/s3a\/2026\/02\/25\/appel-a-projet-apprendre-autrement-2026\/","title":{"rendered":"Appel \u00e0 projet Apprendre Autrement 2026"},"content":{"rendered":"\n<p>Les associations sont invit\u00e9es \u00e0 proposer la r\u00e9alisation d\u2019un projet collectif permettant \u00e0 des jeunes en difficult\u00e9 de d\u00e9velopper leurs comp\u00e9tences transverses. Ce projet men\u00e9 par des jeunes aboutira \u00e0 un \u00ab objet \u00bb concret r\u00e9pondant \u00e0 un besoin local.<\/p>\n\n\n\n<h1 class=\"wp-block-heading\">Les informations utiles au d\u00e9p\u00f4t de vos projets<\/h1>\n\n\n\n<p>Saisonnalit\u00e9 de l&rsquo;appel \u00e0 projets&nbsp;<strong>:<\/strong>&nbsp;1 par an<\/p>\n\n\n\n<p>Calendrier de l\u2019appel \u00e0 projets&nbsp;:<\/p>\n\n\n\n<ul class=\"wp-block-list\">\n<li><strong>Ouverture :&nbsp;<\/strong>13&nbsp;janvier 2026<\/li>\n\n\n\n<li><strong>Cl\u00f4ture<\/strong>&nbsp;: 12 mars 2026<\/li>\n\n\n\n<li><strong>Communication des r\u00e9sultats&nbsp;<\/strong>: juillet 2026<\/li>\n<\/ul>\n\n\n\n<p>Dur\u00e9e du soutien :&nbsp;le projet se d\u00e9roule sur une ann\u00e9e.&nbsp;<strong>Un bilan et un d\u00e9p\u00f4t de dossier pour un passage en comit\u00e9 de s\u00e9lection seront n\u00e9cessaires pour un renouvellement.<\/strong><\/p>\n\n\n\n<div class=\"wp-block-buttons is-content-justification-center is-layout-flex wp-container-core-buttons-is-layout-16018d1d wp-block-buttons-is-layout-flex\">\n<div class=\"wp-block-button\"><a class=\"wp-block-button__link wp-element-button\" href=\"https:\/\/www.fondationorange.com\/fr\/newsroom\/actualites\/2026\/appel-projets-apprendre-autrement-france-2026\">En savoir plus<\/a><\/div>\n<\/div>\n","protected":false},"excerpt":{"rendered":"<p>Les associations sont invit\u00e9es \u00e0 proposer la r\u00e9alisation d\u2019un projet collectif permettant \u00e0 des jeunes en difficult\u00e9 de d\u00e9velopper leurs comp\u00e9tences transverses. Ce projet men\u00e9 par des jeunes aboutira \u00e0 un \u00ab objet \u00bb concret r\u00e9pondant \u00e0 un besoin local. Les informations utiles au d\u00e9p\u00f4t de vos projets Saisonnalit\u00e9 de l&rsquo;appel \u00e0 projets&nbsp;:&nbsp;1 par an [&hellip;]<\/p>\n","protected":false},"author":1,"featured_media":3955,"comment_status":"closed","ping_status":"open","sticky":false,"template":"","format":"standard","meta":{"ocean_post_layout":"","ocean_both_sidebars_style":"","ocean_both_sidebars_content_width":0,"ocean_both_sidebars_sidebars_width":0,"ocean_sidebar":"","ocean_second_sidebar":"","ocean_disable_margins":"enable","ocean_add_body_class":"","ocean_shortcode_before_top_bar":"","ocean_shortcode_after_top_bar":"","ocean_shortcode_before_header":"","ocean_shortcode_after_header":"","ocean_has_shortcode":"","ocean_shortcode_after_title":"","ocean_shortcode_before_footer_widgets":"","ocean_shortcode_after_footer_widgets":"","ocean_shortcode_before_footer_bottom":"","ocean_shortcode_after_footer_bottom":"","ocean_display_top_bar":"default","ocean_display_header":"default","ocean_header_style":"","ocean_center_header_left_menu":"","ocean_custom_header_template":"","ocean_custom_logo":0,"ocean_custom_retina_logo":0,"ocean_custom_logo_max_width":0,"ocean_custom_logo_tablet_max_width":0,"ocean_custom_logo_mobile_max_width":0,"ocean_custom_logo_max_height":0,"ocean_custom_logo_tablet_max_height":0,"ocean_custom_logo_mobile_max_height":0,"ocean_header_custom_menu":"","ocean_menu_typo_font_family":"","ocean_menu_typo_font_subset":"","ocean_menu_typo_font_size":0,"ocean_menu_typo_font_size_tablet":0,"ocean_menu_typo_font_size_mobile":0,"ocean_menu_typo_font_size_unit":"px","ocean_menu_typo_font_weight":"","ocean_menu_typo_font_weight_tablet":"","ocean_menu_typo_font_weight_mobile":"","ocean_menu_typo_transform":"","ocean_menu_typo_transform_tablet":"","ocean_menu_typo_transform_mobile":"","ocean_menu_typo_line_height":0,"ocean_menu_typo_line_height_tablet":0,"ocean_menu_typo_line_height_mobile":0,"ocean_menu_typo_line_height_unit":"","ocean_menu_typo_spacing":0,"ocean_menu_typo_spacing_tablet":0,"ocean_menu_typo_spacing_mobile":0,"ocean_menu_typo_spacing_unit":"","ocean_menu_link_color":"","ocean_menu_link_color_hover":"","ocean_menu_link_color_active":"","ocean_menu_link_background":"","ocean_menu_link_hover_background":"","ocean_menu_link_active_background":"","ocean_menu_social_links_bg":"","ocean_menu_social_hover_links_bg":"","ocean_menu_social_links_color":"","ocean_menu_social_hover_links_color":"","ocean_disable_title":"default","ocean_disable_heading":"default","ocean_post_title":"","ocean_post_subheading":"","ocean_post_title_style":"","ocean_post_title_background_color":"","ocean_post_title_background":0,"ocean_post_title_bg_image_position":"","ocean_post_title_bg_image_attachment":"","ocean_post_title_bg_image_repeat":"","ocean_post_title_bg_image_size":"","ocean_post_title_height":0,"ocean_post_title_bg_overlay":0.5,"ocean_post_title_bg_overlay_color":"","ocean_disable_breadcrumbs":"default","ocean_breadcrumbs_color":"","ocean_breadcrumbs_separator_color":"","ocean_breadcrumbs_links_color":"","ocean_breadcrumbs_links_hover_color":"","ocean_display_footer_widgets":"default","ocean_display_footer_bottom":"default","ocean_custom_footer_template":"","ocean_post_oembed":"","ocean_post_self_hosted_media":"","ocean_post_video_embed":"","ocean_link_format":"","ocean_link_format_target":"self","ocean_quote_format":"","ocean_quote_format_link":"post","ocean_gallery_link_images":"on","ocean_gallery_id":[],"footnotes":""},"categories":[1],"tags":[],"class_list":["post-3954","post","type-post","status-publish","format-standard","has-post-thumbnail","hentry","category-non-classe","entry","has-media"],"_links":{"self":[{"href":"https:\/\/www.asso-1901.fr\/s3a\/wp-json\/wp\/v2\/posts\/3954","targetHints":{"allow":["GET"]}}],"collection":[{"href":"https:\/\/www.asso-1901.fr\/s3a\/wp-json\/wp\/v2\/posts"}],"about":[{"href":"https:\/\/www.asso-1901.fr\/s3a\/wp-json\/wp\/v2\/types\/post"}],"author":[{"embeddable":true,"href":"https:\/\/www.asso-1901.fr\/s3a\/wp-json\/wp\/v2\/users\/1"}],"replies":[{"embeddable":true,"href":"https:\/\/www.asso-1901.fr\/s3a\/wp-json\/wp\/v2\/comments?post=3954"}],"version-history":[{"count":3,"href":"https:\/\/www.asso-1901.fr\/s3a\/wp-json\/wp\/v2\/posts\/3954\/revisions"}],"predecessor-version":[{"id":3964,"href":"https:\/\/www.asso-1901.fr\/s3a\/wp-json\/wp\/v2\/posts\/3954\/revisions\/3964"}],"wp:featuredmedia":[{"embeddable":true,"href":"https:\/\/www.asso-1901.fr\/s3a\/wp-json\/wp\/v2\/media\/3955"}],"wp:attachment":[{"href":"https:\/\/www.asso-1901.fr\/s3a\/wp-json\/wp\/v2\/media?parent=3954"}],"wp:term":[{"taxonomy":"category","embeddable":true,"href":"https:\/\/www.asso-1901.fr\/s3a\/wp-json\/wp\/v2\/categories?post=3954"},{"taxonomy":"post_tag","embeddable":true,"href":"https:\/\/www.asso-1901.fr\/s3a\/wp-json\/wp\/v2\/tags?post=3954"}],"curies":[{"name":"wp","href":"https:\/\/api.w.org\/{rel}","templated":true}]}}