{"id":3969,"date":"2026-02-25T11:15:53","date_gmt":"2026-02-25T10:15:53","guid":{"rendered":"https:\/\/www.asso-1901.fr\/s3a\/?p=3969"},"modified":"2026-02-25T11:15:54","modified_gmt":"2026-02-25T10:15:54","slug":"cest-mon-patrimoine","status":"publish","type":"post","link":"https:\/\/www.asso-1901.fr\/s3a\/2026\/02\/25\/cest-mon-patrimoine\/","title":{"rendered":"C\u2019est mon patrimoine"},"content":{"rendered":"\n<p>Chaque ann\u00e9e des centaines d\u2019acteurs se mobilisent en faveur des publics cibles pour leur faire d\u00e9couvrir la diversit\u00e9 des patrimoines, accompagn\u00e9s d\u2019une pratique artistique exigeante. Le minist\u00e8re de la Culture soutient ces actions en allouant une subvention aux porteurs de projets dans le cadre de l&rsquo;appel \u00e0 projets \u00ab\u00a0C&rsquo;est mon patrimoine !\u00a0\u00bb.<\/p>\n\n\n\n<h2 class=\"wp-block-heading\">Pr\u00e9sentation du dispositif<\/h2>\n\n\n\n<h3 class=\"wp-block-heading\">Qu&rsquo;est-ce que l&rsquo;op\u00e9ration \u00ab\u00a0C&rsquo;est mon patrimoine !\u00a0\u00bb ?<\/h3>\n\n\n\n<p>En 2026, \u00ab&nbsp;C\u2019est mon patrimoine !&nbsp;\u00bb \u00e9volue&nbsp;!<\/p>\n\n\n\n<p>A la suite d\u2019un chantier participatif conduit par le minist\u00e8re de la Culture en concertation avec les acteurs patrimoniaux et \u00e9ducatifs, \u00ab&nbsp;C\u2019est mon patrimoine&nbsp;!&nbsp;\u00bb \u00e9volue pour r\u00e9pondre mieux aux enjeux contemporains li\u00e9s \u00e0 la place des patrimoines dans les politiques d\u2019\u00e9ducation artistique et culturelle.<\/p>\n\n\n\n<p>Fort de 20 ans de rayonnement qui ont contribu\u00e9 \u00e0 renouveler les pratiques de m\u00e9diation autour des patrimoines, le dispositif devient une feuille de route nationale partag\u00e9e entre le Minist\u00e8re et un ensemble de partenaires, qui se d\u00e9clinera selon les besoins sp\u00e9cifiques des territoires et les orientations propres \u00e0 chaque r\u00e9gion.<\/p>\n\n\n\n<p>Cette feuille de route, en cours de constitution, pr\u00e9cisera les orientations des prochaines ann\u00e9es, autour de deux objectifs prioritaires&nbsp;: favoriser la participation active des jeunes et structurer les partenariats et r\u00e9seaux d\u2019acteurs \u00e0 l\u2019\u00e9chelle d\u2019un territoire. Elle sera consolid\u00e9e en s\u2019appuyant sur un ensemble d\u2019exp\u00e9rimentations qui seront conduites dans les mois \u00e0 venir.<\/p>\n\n\n\n<p>En 2026, en parall\u00e8le des exp\u00e9rimentations qui seront initi\u00e9es, les directions r\u00e9gionales des affaires culturelles (DRAC) en dialogue avec les&nbsp;directions r\u00e9gionales de l&rsquo;\u00e9conomie, de l&#8217;emploi, du travail et des solidarit\u00e9s (DREETS), pourront proposer des appels \u00e0 projet dans la continuit\u00e9 du dispositif, en fonction des priorit\u00e9s identifi\u00e9es sur le territoire.<\/p>\n\n\n\n<div class=\"wp-block-buttons is-content-justification-center is-layout-flex wp-container-core-buttons-is-layout-16018d1d wp-block-buttons-is-layout-flex\">\n<div class=\"wp-block-button\"><a class=\"wp-block-button__link wp-element-button\" href=\"https:\/\/www.culture.gouv.fr\/catalogue-des-demarches-et-subventions\/appels-a-projets-candidatures\/c-est-mon-patrimoine\">En savoir plus<\/a><\/div>\n<\/div>\n","protected":false},"excerpt":{"rendered":"<p>Chaque ann\u00e9e des centaines d\u2019acteurs se mobilisent en faveur des publics cibles pour leur faire d\u00e9couvrir la diversit\u00e9 des patrimoines, accompagn\u00e9s d\u2019une pratique artistique exigeante. Le minist\u00e8re de la Culture soutient ces actions en allouant une subvention aux porteurs de projets dans le cadre de l&rsquo;appel \u00e0 projets \u00ab\u00a0C&rsquo;est mon patrimoine !\u00a0\u00bb. Pr\u00e9sentation du dispositif [&hellip;]<\/p>\n","protected":false},"author":1,"featured_media":3970,"comment_status":"closed","ping_status":"open","sticky":false,"template":"","format":"standard","meta":{"ocean_post_layout":"","ocean_both_sidebars_style":"","ocean_both_sidebars_content_width":0,"ocean_both_sidebars_sidebars_width":0,"ocean_sidebar":"","ocean_second_sidebar":"","ocean_disable_margins":"enable","ocean_add_body_class":"","ocean_shortcode_before_top_bar":"","ocean_shortcode_after_top_bar":"","ocean_shortcode_before_header":"","ocean_shortcode_after_header":"","ocean_has_shortcode":"","ocean_shortcode_after_title":"","ocean_shortcode_before_footer_widgets":"","ocean_shortcode_after_footer_widgets":"","ocean_shortcode_before_footer_bottom":"","ocean_shortcode_after_footer_bottom":"","ocean_display_top_bar":"default","ocean_display_header":"default","ocean_header_style":"","ocean_center_header_left_menu":"","ocean_custom_header_template":"","ocean_custom_logo":0,"ocean_custom_retina_logo":0,"ocean_custom_logo_max_width":0,"ocean_custom_logo_tablet_max_width":0,"ocean_custom_logo_mobile_max_width":0,"ocean_custom_logo_max_height":0,"ocean_custom_logo_tablet_max_height":0,"ocean_custom_logo_mobile_max_height":0,"ocean_header_custom_menu":"","ocean_menu_typo_font_family":"","ocean_menu_typo_font_subset":"","ocean_menu_typo_font_size":0,"ocean_menu_typo_font_size_tablet":0,"ocean_menu_typo_font_size_mobile":0,"ocean_menu_typo_font_size_unit":"px","ocean_menu_typo_font_weight":"","ocean_menu_typo_font_weight_tablet":"","ocean_menu_typo_font_weight_mobile":"","ocean_menu_typo_transform":"","ocean_menu_typo_transform_tablet":"","ocean_menu_typo_transform_mobile":"","ocean_menu_typo_line_height":0,"ocean_menu_typo_line_height_tablet":0,"ocean_menu_typo_line_height_mobile":0,"ocean_menu_typo_line_height_unit":"","ocean_menu_typo_spacing":0,"ocean_menu_typo_spacing_tablet":0,"ocean_menu_typo_spacing_mobile":0,"ocean_menu_typo_spacing_unit":"","ocean_menu_link_color":"","ocean_menu_link_color_hover":"","ocean_menu_link_color_active":"","ocean_menu_link_background":"","ocean_menu_link_hover_background":"","ocean_menu_link_active_background":"","ocean_menu_social_links_bg":"","ocean_menu_social_hover_links_bg":"","ocean_menu_social_links_color":"","ocean_menu_social_hover_links_color":"","ocean_disable_title":"default","ocean_disable_heading":"default","ocean_post_title":"","ocean_post_subheading":"","ocean_post_title_style":"","ocean_post_title_background_color":"","ocean_post_title_background":0,"ocean_post_title_bg_image_position":"","ocean_post_title_bg_image_attachment":"","ocean_post_title_bg_image_repeat":"","ocean_post_title_bg_image_size":"","ocean_post_title_height":0,"ocean_post_title_bg_overlay":0.5,"ocean_post_title_bg_overlay_color":"","ocean_disable_breadcrumbs":"default","ocean_breadcrumbs_color":"","ocean_breadcrumbs_separator_color":"","ocean_breadcrumbs_links_color":"","ocean_breadcrumbs_links_hover_color":"","ocean_display_footer_widgets":"default","ocean_display_footer_bottom":"default","ocean_custom_footer_template":"","ocean_post_oembed":"","ocean_post_self_hosted_media":"","ocean_post_video_embed":"","ocean_link_format":"","ocean_link_format_target":"self","ocean_quote_format":"","ocean_quote_format_link":"post","ocean_gallery_link_images":"on","ocean_gallery_id":[],"footnotes":""},"categories":[1],"tags":[],"class_list":["post-3969","post","type-post","status-publish","format-standard","has-post-thumbnail","hentry","category-non-classe","entry","has-media"],"_links":{"self":[{"href":"https:\/\/www.asso-1901.fr\/s3a\/wp-json\/wp\/v2\/posts\/3969","targetHints":{"allow":["GET"]}}],"collection":[{"href":"https:\/\/www.asso-1901.fr\/s3a\/wp-json\/wp\/v2\/posts"}],"about":[{"href":"https:\/\/www.asso-1901.fr\/s3a\/wp-json\/wp\/v2\/types\/post"}],"author":[{"embeddable":true,"href":"https:\/\/www.asso-1901.fr\/s3a\/wp-json\/wp\/v2\/users\/1"}],"replies":[{"embeddable":true,"href":"https:\/\/www.asso-1901.fr\/s3a\/wp-json\/wp\/v2\/comments?post=3969"}],"version-history":[{"count":1,"href":"https:\/\/www.asso-1901.fr\/s3a\/wp-json\/wp\/v2\/posts\/3969\/revisions"}],"predecessor-version":[{"id":3971,"href":"https:\/\/www.asso-1901.fr\/s3a\/wp-json\/wp\/v2\/posts\/3969\/revisions\/3971"}],"wp:featuredmedia":[{"embeddable":true,"href":"https:\/\/www.asso-1901.fr\/s3a\/wp-json\/wp\/v2\/media\/3970"}],"wp:attachment":[{"href":"https:\/\/www.asso-1901.fr\/s3a\/wp-json\/wp\/v2\/media?parent=3969"}],"wp:term":[{"taxonomy":"category","embeddable":true,"href":"https:\/\/www.asso-1901.fr\/s3a\/wp-json\/wp\/v2\/categories?post=3969"},{"taxonomy":"post_tag","embeddable":true,"href":"https:\/\/www.asso-1901.fr\/s3a\/wp-json\/wp\/v2\/tags?post=3969"}],"curies":[{"name":"wp","href":"https:\/\/api.w.org\/{rel}","templated":true}]}}